{"id":591,"date":"2026-03-11T16:24:26","date_gmt":"2026-03-11T15:24:26","guid":{"rendered":"https:\/\/www.lafermeducontrevent.fr\/?p=591"},"modified":"2026-03-11T16:24:26","modified_gmt":"2026-03-11T15:24:26","slug":"reservation-de-viande","status":"publish","type":"post","link":"https:\/\/www.lafermeducontrevent.fr\/index.php\/2026\/03\/11\/reservation-de-viande\/","title":{"rendered":"R\u00e9servation de viande"},"content":{"rendered":"\n<p><strong>Colis de b\u0153uf par 10 ou 6 kg (pour avril 2026)<\/strong><\/p>\n\n\n\n<p><strong>Cabris, c&rsquo;est une fois dans l&rsquo;ann\u00e9e. A r\u00e9serv\u00e9 maintenant pour fin avril.<\/strong><\/p>\n\n\n\n<p>Notre ferme a des troupeaux laitiers, ch\u00e8vres et vaches. Pour avoir du lait les femelles font un petit par an environ, c&rsquo;est ce qui d\u00e9marre la lactation.&nbsp;<\/p>\n\n\n\n<p>Nous avons donc une production de viande que nous choisissons de valoriser sur la ferme. Ce n&rsquo;est pas la majorit\u00e9 de l&rsquo;organisation des fermes, garder les petits fait du travail en plus et diminue la production de fromage (car une partie du lait sert \u00e0 les nourrir au d\u00e9but de leur vie).&nbsp;<\/p>\n\n\n\n<p>Apr\u00e8s l&rsquo;\u00e9pisode de la derni\u00e8re maladie sur les vaches, on se dit que notre fa\u00e7on de fonctionner n&rsquo;est pas si absurde, nous assumons les vies n\u00e9es sur la ferme et limitons ainsi les d\u00e9placements. Relocalisant la consommation, \u00e9vitant les d\u00e9placements.<\/p>\n\n\n\n<p>Mais depuis 10 ans la vente de viande n&rsquo;est plus si ais\u00e9e. Je pense qu&rsquo;il y a cette conscience du besoin de limiter la consommation de viande pour l&rsquo;environnement, il y a les prix qui augmentent.\u00a0Et \u2026 il y a cette impression de respecter les animaux si on ne les mange pas. Je remets cette derni\u00e8re impression au d\u00e9bat !<\/p>\n\n\n\n<p>Pour nous, envoyer une b\u00eate \u00e0 l&rsquo;abattoir en sachant qu&rsquo;il y a assez de clients \u00e0 s&rsquo;\u00eatre engag\u00e9s pour s&rsquo;en nourrir, nous permet d&rsquo;\u00eatre plus serein sur ce choix de nourrir en tuant nos animaux. Au moins ce n&rsquo;est pas pour rien, c&rsquo;est pour s&rsquo;en nourrir, pour faire du fromage, c&rsquo;est notre fa\u00e7on de vivre.&nbsp;<\/p>\n\n\n\n<p>On me demande souvent, et de plus en plus, comment je fais pour manger les animaux que j&rsquo;ai vu. Je r\u00e9ponds que c&rsquo;est plus dure de manger des animaux que nous n&rsquo;avons pas vu, l\u00e0 on connait leur vie, elles sont entrem\u00eal\u00e9es&nbsp;\u00e0 la notre, et sans cette consommation de viande notre ferme ne fonctionne plus.&nbsp;Sans cette consommation de viande, nous ne pourrions plus \u00e9lever ces animaux. Il n&rsquo;y aurait plus de mise \u00e0 mort, mais pas de vie non plus.<\/p>\n\n\n\n<p>C&rsquo;est assumer ces morts comme source de notre vie, c&rsquo;est chaque&nbsp;fois renforcer cet amour et ce myst\u00e8re d&rsquo;\u00eatre en vie, cette conscience que ce n&rsquo;est que pour un temps pour nous aussi. C&rsquo;est assumer que la mort fasse partie de la vie et que la mort est le contraire de naissance et pas de vie. Naissance et mort sont la vie. Bien s\u00fbr, j&rsquo;entends que moi j&rsquo;ai le choix et que j&rsquo;impose mon choix \u00e0 mes animaux.&nbsp;<\/p>\n\n\n\n<p>Oui.&nbsp;<\/p>\n\n\n\n<p>Et j&rsquo;esp\u00e8re que nous serons de plus en plus nombreuses et nombreux \u00e0 assumer cette contradiction, \u00e0 se la r\u00e9approprier, pour que l&rsquo;\u00e9levage paysan perdure. Cet \u00e9levage qui&nbsp; a un rapport au temps, \u00e0 la mort, au lien avec les animaux si unique.&nbsp;<\/p>\n\n\n\n<p>J&rsquo;ai espoir : cette semaine, on travaille sur la ferme \u00e0 8 personnes dont&nbsp;6 esp\u00e8rent avoir un troupeau sur leur propre ferme un jour. La n\u00e9cessit\u00e9 d&rsquo;\u00eatre nombreux, d&rsquo;apprendre \u00e0 vivre ensemble autour de ces \u00e9levages est si beau !<\/p>\n\n\n\n<p>Vous pouvez venir faire des bains de cabris pendant le march\u00e9 du vendredi de 16 \u00e0 19h, et de ce bonheur vous nourrir, par ces caresses et par leur viande dans quelques mois.&nbsp;<\/p>\n\n\n\n<p>Je vous souhaite plein de paradoxes&nbsp;vivants dans vos vies.&nbsp;<\/p>\n\n\n\n<p>Au plaisir de vous accueillir \u00e0 la ferme<\/p>\n\n\n\n<p>Rachel<\/p>\n","protected":false},"excerpt":{"rendered":"<p>Colis de b\u0153uf par 10 ou 6 kg (pour avril 2026) Cabris, c&rsquo;est une fois dans l&rsquo;ann\u00e9e. A r\u00e9serv\u00e9 maintenant pour fin avril. Notre ferme a des troupeaux laitiers, ch\u00e8vres&hellip; <\/p>\n","protected":false},"author":1,"featured_media":0,"comment_status":"open","ping_status":"open","sticky":false,"template":"","format":"standard","meta":{"footnotes":""},"categories":[2,3],"tags":[],"class_list":["post-591","post","type-post","status-publish","format-standard","hentry","category-actualites","category-idees"],"_links":{"self":[{"href":"https:\/\/www.lafermeducontrevent.fr\/index.php\/wp-json\/wp\/v2\/posts\/591","targetHints":{"allow":["GET"]}}],"collection":[{"href":"https:\/\/www.lafermeducontrevent.fr\/index.php\/wp-json\/wp\/v2\/posts"}],"about":[{"href":"https:\/\/www.lafermeducontrevent.fr\/index.php\/wp-json\/wp\/v2\/types\/post"}],"author":[{"embeddable":true,"href":"https:\/\/www.lafermeducontrevent.fr\/index.php\/wp-json\/wp\/v2\/users\/1"}],"replies":[{"embeddable":true,"href":"https:\/\/www.lafermeducontrevent.fr\/index.php\/wp-json\/wp\/v2\/comments?post=591"}],"version-history":[{"count":1,"href":"https:\/\/www.lafermeducontrevent.fr\/index.php\/wp-json\/wp\/v2\/posts\/591\/revisions"}],"predecessor-version":[{"id":592,"href":"https:\/\/www.lafermeducontrevent.fr\/index.php\/wp-json\/wp\/v2\/posts\/591\/revisions\/592"}],"wp:attachment":[{"href":"https:\/\/www.lafermeducontrevent.fr\/index.php\/wp-json\/wp\/v2\/media?parent=591"}],"wp:term":[{"taxonomy":"category","embeddable":true,"href":"https:\/\/www.lafermeducontrevent.fr\/index.php\/wp-json\/wp\/v2\/categories?post=591"},{"taxonomy":"post_tag","embeddable":true,"href":"https:\/\/www.lafermeducontrevent.fr\/index.php\/wp-json\/wp\/v2\/tags?post=591"}],"curies":[{"name":"wp","href":"https:\/\/api.w.org\/{rel}","templated":true}]}}