{"id":560,"date":"2025-11-06T09:45:20","date_gmt":"2025-11-06T08:45:20","guid":{"rendered":"https:\/\/www.lafermeducontrevent.fr\/?p=560"},"modified":"2025-11-06T09:45:20","modified_gmt":"2025-11-06T08:45:20","slug":"viande-de-boeuf","status":"publish","type":"post","link":"https:\/\/www.lafermeducontrevent.fr\/index.php\/2025\/11\/06\/viande-de-boeuf\/","title":{"rendered":"Viande de b\u0153uf"},"content":{"rendered":"\n<figure class=\"wp-block-image size-large is-resized\"><img loading=\"lazy\" decoding=\"async\" width=\"1024\" height=\"768\" src=\"http:\/\/www.lafermeducontrevent.fr\/wp-content\/uploads\/2025\/11\/img_20221011_101111-1024x768.jpg\" alt=\"\" class=\"wp-image-562\" style=\"width:332px;height:auto\" srcset=\"https:\/\/www.lafermeducontrevent.fr\/wp-content\/uploads\/2025\/11\/img_20221011_101111-1024x768.jpg 1024w, https:\/\/www.lafermeducontrevent.fr\/wp-content\/uploads\/2025\/11\/img_20221011_101111-300x225.jpg 300w, https:\/\/www.lafermeducontrevent.fr\/wp-content\/uploads\/2025\/11\/img_20221011_101111-768x576.jpg 768w, https:\/\/www.lafermeducontrevent.fr\/wp-content\/uploads\/2025\/11\/img_20221011_101111-1536x1152.jpg 1536w, https:\/\/www.lafermeducontrevent.fr\/wp-content\/uploads\/2025\/11\/img_20221011_101111-2048x1536.jpg 2048w, https:\/\/www.lafermeducontrevent.fr\/wp-content\/uploads\/2025\/11\/img_20221011_101111-80x60.jpg 80w\" sizes=\"auto, (max-width: 1024px) 100vw, 1024px\" \/><\/figure>\n\n\n\n<p>Nous aurons de la viande de b\u0153uf le vendredi 7 novembre 2025.\u00a0<\/p>\n\n\n\n<p>Nous proposons <strong>des colis de 10kg \u00e0 17.5\u20ac le kg<\/strong><\/p>\n\n\n\n<p>Tout est sous vide : les beaux et bas morceaux sont r\u00e9partis.&nbsp;<\/p>\n\n\n\n<p>R\u00e9servation en direct sur nos march\u00e9s ou par mail fermeducontrevent@gmail.com<\/p>\n\n\n\n<p>Les fruits passent \u00e0 une semaine sur 2 pendant l&rsquo;hiver o\u00f9 les fruits se gardent.&nbsp;<\/p>\n\n\n\n<p>Merci de vous nourrir de ce que nous produisons sur nos fermes !&nbsp;<\/p>\n\n\n\n<p>au plaisir de vous accueillir chaque vendredi au march\u00e9 bio \u00e0 la ferme de 16 \u00e0 19h.\u00a0\u00a0<\/p>\n\n\n\n<p>Rachel<\/p>\n\n\n\n<p><\/p>\n","protected":false},"excerpt":{"rendered":"<p>Nous aurons de la viande de b\u0153uf le vendredi 7 novembre 2025.\u00a0 Nous proposons des colis de 10kg \u00e0 17.5\u20ac le kg Tout est sous vide : les beaux et&hellip; <\/p>\n","protected":false},"author":1,"featured_media":0,"comment_status":"open","ping_status":"open","sticky":false,"template":"","format":"standard","meta":{"footnotes":""},"categories":[2],"tags":[],"class_list":["post-560","post","type-post","status-publish","format-standard","hentry","category-actualites"],"_links":{"self":[{"href":"https:\/\/www.lafermeducontrevent.fr\/index.php\/wp-json\/wp\/v2\/posts\/560","targetHints":{"allow":["GET"]}}],"collection":[{"href":"https:\/\/www.lafermeducontrevent.fr\/index.php\/wp-json\/wp\/v2\/posts"}],"about":[{"href":"https:\/\/www.lafermeducontrevent.fr\/index.php\/wp-json\/wp\/v2\/types\/post"}],"author":[{"embeddable":true,"href":"https:\/\/www.lafermeducontrevent.fr\/index.php\/wp-json\/wp\/v2\/users\/1"}],"replies":[{"embeddable":true,"href":"https:\/\/www.lafermeducontrevent.fr\/index.php\/wp-json\/wp\/v2\/comments?post=560"}],"version-history":[{"count":1,"href":"https:\/\/www.lafermeducontrevent.fr\/index.php\/wp-json\/wp\/v2\/posts\/560\/revisions"}],"predecessor-version":[{"id":563,"href":"https:\/\/www.lafermeducontrevent.fr\/index.php\/wp-json\/wp\/v2\/posts\/560\/revisions\/563"}],"wp:attachment":[{"href":"https:\/\/www.lafermeducontrevent.fr\/index.php\/wp-json\/wp\/v2\/media?parent=560"}],"wp:term":[{"taxonomy":"category","embeddable":true,"href":"https:\/\/www.lafermeducontrevent.fr\/index.php\/wp-json\/wp\/v2\/categories?post=560"},{"taxonomy":"post_tag","embeddable":true,"href":"https:\/\/www.lafermeducontrevent.fr\/index.php\/wp-json\/wp\/v2\/tags?post=560"}],"curies":[{"name":"wp","href":"https:\/\/api.w.org\/{rel}","templated":true}]}}