{"id":526,"date":"2025-07-15T10:46:14","date_gmt":"2025-07-15T08:46:14","guid":{"rendered":"https:\/\/www.lafermeducontrevent.fr\/?p=526"},"modified":"2025-07-23T19:03:28","modified_gmt":"2025-07-23T17:03:28","slug":"debat-loi-duplomb","status":"publish","type":"post","link":"https:\/\/www.lafermeducontrevent.fr\/index.php\/2025\/07\/15\/debat-loi-duplomb\/","title":{"rendered":"D\u00e9bat loi Duplomb"},"content":{"rendered":"\n<p>D\u00e9but juillet 2025 je lance<strong> un appel \u00e0 r\u00e9ponse<\/strong>!!!&nbsp;<\/p>\n\n\n\n<p>Un besoin de cr\u00e9er du lien, d&rsquo;aff\u00fbter nos arguments, d&rsquo;oser le d\u00e9bat ! Et de transformer mon d\u00e9sarroi de voir l&rsquo;agriculture s&rsquo;industrialiser encore et encore&#8230;<\/p>\n\n\n\n<p><strong>Quelques \u00e9l\u00e9ments de contexte :&nbsp;<\/strong><\/p>\n\n\n\n<p>1\/ mardi 8 juillet 2025 la Loi duplomb, derni\u00e8re loi agricole, a \u00e9t\u00e9 adopt\u00e9e \u00e0 l&rsquo;assembl\u00e9e sans d\u00e9bat.&nbsp;<\/p>\n\n\n\n<p>2\/ Comme beaucoup d&rsquo;associations citoyennes, nous pensons qu&rsquo;une autre orientation agricole est possible, demandant un courage politique \u00e9norme et demandant d&rsquo;organiser la soci\u00e9t\u00e9 autour des humains plut\u00f4t qu&rsquo;autour des lobbys. Mais les lobbys ont tellement de temps pour aff\u00fbter leurs arguments et convaincre nos d\u00e9put\u00e9s. Ils ont les m\u00e9dias, des gens dont c&rsquo;est le travail&#8230;<\/p>\n\n\n\n<p>Alors que nous on moissonne&#8230;<\/p>\n\n\n\n<p>3\/ moi, un peu provocatrice, j&rsquo;ai envoy\u00e9 \u00e0 nos d\u00e9put\u00e9s une vid\u00e9o d&rsquo;une jeune agricultrice&nbsp; caricaturant les d\u00e9put\u00e9s qui ont vot\u00e9 pour cette loi.<\/p>\n\n\n\n<p>(Sur Instagram \u00ab\u00a0la table de gaya\u00a0\u00bb pour les plus connect\u00e9s !!)<\/p>\n\n\n\n<p>4\/ Notre d\u00e9put\u00e9e m&rsquo;a r\u00e9pondue. (R\u00e9ponse ci dessous) Et je l&rsquo;en remercie \u00e9norm\u00e9ment car \u00e7a lance cet appel \u00e0 d\u00e9bat ! \u00c7a lance ce besoin de mettre en mots des r\u00e9ponses, d&rsquo;interroger le monde.&nbsp;<\/p>\n\n\n\n<p>Je propose que nous r\u00e9pondions ensemble, vous qui vous nourrissez des produits de la ferme ou qui \u00eates en lien avec cette ferme d&rsquo;une fa\u00e7on ou d&rsquo;une autre.&nbsp;<\/p>\n\n\n\n<p>Alors \u00e0 vos plumes !&nbsp;<\/p>\n\n\n\n<p>Je suis tellement curieuse de connaitre vos avis, de voir comment vous les mettez en mots pour r\u00e9pondre \u00e0 nos \u00e9lus,&nbsp;<\/p>\n\n\n\n<p>Curieuse de savoir si vous prendrez le temps de vous demandez ce que vous en pensez,&nbsp;<\/p>\n\n\n\n<p>et curieuse de savoir si vous nous le partagerez.&nbsp;<\/p>\n\n\n\n<p>Nous mangeons&nbsp;tous, nous vivons sur le m\u00eame sol, partageons la m\u00eame eau, le m\u00eame climat, la m\u00eame biodiversit\u00e9. <strong>Nous sommes tous concern\u00e9s par cette loi, et pouvons donc donner notre avis<\/strong>.&nbsp;<\/p>\n\n\n\n<p>Envoyez-moi vos plus belles r\u00e9ponses : oppos\u00e9es, en accord, longues, courtes, argument\u00e9es, interrogatives, po\u00e9tiques, comiques, musicales, \u00e9crites, film\u00e9es &#8230;&nbsp;<\/p>\n\n\n\n<p>Par mail, sur les r\u00e9seaux, ou m\u00eame en lettre manuscrite amen\u00e9e au march\u00e9 ou tout autre forme&#8230; <strong>que r\u00e9pondriez-vous \u00e0 ces arguments ?&nbsp;<\/strong><\/p>\n\n\n\n<p>Je mettrai les r\u00e9ponses sur une page de notre site internet que je vous partagerai, je mettrai les p\u00e9pites sur nos r\u00e9seaux sociaux, je trouverai bien une fa\u00e7on de partager ce qui sortira de cet appel \u00e0 plumes.<\/p>\n\n\n\n<p>Au plaisir de vous accueillir demain \u00e0 la ferme&nbsp;<\/p>\n\n\n\n<p>Au plaisir de conna\u00eetre ce que vous allez r\u00e9pondre !!&nbsp;<\/p>\n\n\n\n<p>Rachel&nbsp;<\/p>\n\n\n\n<p><em>R\u00e9ponse de Mme Dezarnau, d\u00e9put\u00e9e d&rsquo;Is\u00e8re :&nbsp;<\/em><\/p>\n\n\n\n<p><em>\u00ab\u00a0Bonjour !&nbsp;<\/em><\/p>\n\n\n\n<p><em>Je comprends vos inqui\u00e9tudes, mais permettez-moi d\u2019apporter quelques \u00e9l\u00e9ments de clarification.<\/em><\/p>\n\n\n\n<p><em>L\u2019ac\u00e9tamipride n\u2019a jamais \u00e9t\u00e9 interdit pour des raisons sanitaires : l\u2019ANSES ne lui a jamais retir\u00e9 son autorisation, et l\u2019EFSA l\u2019a m\u00eame r\u00e9approuv\u00e9. Aujourd\u2019hui, il est autoris\u00e9 dans tous les autres pays de l\u2019Union.&nbsp;<\/em><\/p>\n\n\n\n<p><em>Ce que la France a fait, c\u2019est s\u2019imposer une surtransposition, en voulant \u00eatre plus vertueuse que les autres, mais au d\u00e9triment de nos propres fili\u00e8res. R\u00e9sultat : une concurrence d\u00e9loyale, des productions fragilis\u00e9es, et une perte de souverainet\u00e9 alimentaire. Ce n\u2019est pas le principe de pr\u00e9caution qui s\u2019applique ici, car les donn\u00e9es scientifiques sont claires.<\/em><\/p>\n\n\n\n<p><em>Concr\u00e8tement, si rien n\u2019est fait, certaines fili\u00e8res risquent de dispara\u00eetre, comme celle de la noisette, ou m\u00eame des productions embl\u00e9matiques comme les fraises ou&nbsp;<\/em><\/p>\n\n\n\n<p><em>le kiwi. Et nous finirions par importer ces m\u00eames produits, trait\u00e9s avec l\u2019ac\u00e9tamipride ailleurs, avec en plus une empreinte carbone plus lourde. C\u2019est un non-sens.&nbsp;<\/em><\/p>\n\n\n\n<p><em>La mesure vot\u00e9e est tr\u00e8s encadr\u00e9e : elle ne concernera que les situations de blocage, pour une dur\u00e9e limit\u00e9e \u00e0 trois ans, avec un avis syst\u00e9matique de l\u2019ANSES et d\u2019un conseil de surveillance. Il ne s\u2019agit pas de faire n\u2019importe quoi, mais de trouver des solutions pragmatiques et responsables.&nbsp;<\/em><\/p>\n\n\n\n<p><em>Ce vote, c\u2019est un choix de confiance dans la science, de coh\u00e9rence europ\u00e9enne, et surtout de soutien \u00e0 nos agriculteurs.&nbsp;<\/em><\/p>\n\n\n\n<p><em>En esp\u00e9rant pouvoir en discuter avec vous<\/em><\/p>\n\n\n\n<p><em>Bien \u00e0 vous,<\/em><\/p>\n\n\n\n<p><em>Sylvie Dezarnaud\u00a0\u00bb&nbsp;<\/em><\/p>\n\n\n\n<p>A vos plumes &#8230;<\/p>\n\n\n\n<p><strong>Nous avons re\u00e7u beaucoup de r\u00e9ponses ! C&rsquo;est r\u00e9confortant ce besoin de d\u00e9bat, ces avis qui se partagent. En voici quelques uns. Certains sont en col\u00e8re, cyniques, diplomates, directes&#8230; tous portant une part de notre humanit\u00e9 \u00e0 \u00e9couter !  <\/strong><\/p>\n\n\n\n<p><strong>Je les laisse tel quels. L&rsquo;objectif \u00e9tait de partager entre nous, de prendre les avis des uns, des autres ! UN \u00c9NORME MERCI !<\/strong><\/p>\n\n\n\n<p class=\"has-embla-blue-color has-text-color has-link-color wp-elements-12779f021f80e1f3814c5d13395e7f8e\">BRAVO MA RACHEL JE SUIS DE TOUT C\u0152UR AVEC VOTRE ENGAGEMENT ! Reine<\/p>\n\n\n\n<p>Coucou,<\/p>\n\n\n\n<p>Moi je parle pas aux c.. \u00c7a les instruit. Une fois le cadre du d\u00e9bat pos\u00e9 on peut rigoler des \u00e9l\u00e9ments de langage \u00e0 deux balles du gouvernement\u2026 Je lis dans les rapports de l&rsquo;Anses et l&rsquo;efsa que notre mol\u00e9cule est canc\u00e9rig\u00e8ne et qu&rsquo;il faut baisser la dose, la bonne affaire. J&rsquo;aimerais bien conna\u00eetre le gars qui d\u00e9fini la dose au doigt mouill\u00e9\u2026on ne parle pas de l&rsquo;effet cocktail mais si on rentre la dedans va falloir tout interdire donc va pour une p&rsquo;tite dose \u00e7a nous fera un cancer du bras droit\u2026<\/p>\n\n\n\n<p>Du coup pourquoi le fait-on ? pour sauver des fili\u00e8res, ah oui voil\u00e0 un argument qu&rsquo;il est bon !!! notamment si elles sont \u00ab\u00a0embl\u00e9matiques\u00a0\u00bb : la noisette ah oui y a une fili\u00e8re en France ? Nom de Zeus ch&rsquo; avais pas sont forts au gouvernement il nous ouvrent vraiment les yeux sur la r\u00e9alit\u00e9 !!!? Le kiwi, la fraise et les melons au mon dieu c&rsquo;est fini les ap\u00e9ro avec les produits nos petits paysans ? Mais pourquoi on parle pas des betteraviers qu&rsquo;ils ont les principaux utilisateurs c&rsquo;est moins vendeur d&rsquo;expliquer que c&rsquo;est pour produire du bio \u00e9thanol canc\u00e9rig\u00e8ne ?<br>Et pendant ce temps on retire des cr\u00e9dits \u00e0 la fili\u00e8re bio\u2026 Faut croire qu&rsquo;il y a des fili\u00e8res qui m\u00e9ritent mieux d&rsquo;\u00eatre sauv\u00e9es que d&rsquo;autres\u2026 Mais bon on pourra toujours dire que \u00a0\u00bb importer des produits bio, avec en plus une empreinte carbone plus lourde. C\u2019est un non-sens.\u00a0\u00bb Et donc c&rsquo;est mieux de bouffer des produits non bio plein d\u2019ac\u00e9tamipride locale et bien fran\u00e7aise. On aura au moins un cancer bien de chez nous.<br>Ce vote c&rsquo;est un vote de confiance dans la science\u2026 Donc les scientifiques qui mettent en doute la non toxicit\u00e9 de l&rsquo;acetamipride (qui ont d&rsquo;ailleurs \u00e0 l&rsquo;\u00e9poque servi \u00e0 son interdiction) ne sont pas des scientifiques\u2026 Mais nos d\u00e9put\u00e9s et s\u00e9nateurs comme notre pr\u00e9sident sont tous des \u00ab\u00a0\u00e9pid\u00e9miologistes\u00a0\u00bb de g\u00e9nie. Ils se sont juste tromp\u00e9s y a quelques ann\u00e9es comme avec Didier Raoult, mais cette fois ils se feront pas avoir, ah non !<br>Ce vote c&rsquo;est un vote de coh\u00e9rence europ\u00e9enne. Ah oui la m\u00eame Europe qui demande \u00e0 faire respecter les directives cadre sur l&rsquo;eau, les oiseaux, les objectifs bio que la France s&rsquo;astreint \u00e0 ne pas atteindre pour pouvoir payer des amendes astronomiques qui nous co\u00fbte un pognon de dingue mais montre notre soutien sans faille et volontaire au budget europ\u00e9en. Mais bon on aura un cancer non rembours\u00e9 par la s\u00e9cu pour faire face au manque de financement\u2026<br>Ce vote est un vote de soutien \u00e0 nos agriculteurs ah oui lesquels ? Ceux qui sont d\u00e9j\u00e0 gav\u00e9s de prime PAC ? Les comp\u00e9titifs qui vont pouvoir faire de la noisette pour Nutella ? La bonne blague de r\u00e9p\u00e9tition on parle pas des gros betteraviers de la Beauce et de Picardie pied et main li\u00e9s \u00e0 l&rsquo;agro industrie dont le patron n&rsquo;est autre que le patron de la FNSEA, CQFD\u2026<\/p>\n\n\n\n<p>Bref je suis toujours plus en col\u00e8re et d\u00e9sesp\u00e9r\u00e9 mais bon faut bien qu&rsquo;il y ait des choses qui ne changent pas ! A bient\u00f4t dans une manif d&rsquo;\u00e9co terroristes !<\/p>\n\n\n\n<p>Bises auvergnates<\/p>\n\n\n\n<p>Nicolas<\/p>\n\n\n\n<p class=\"has-embla-blue-color has-text-color has-link-color wp-elements-5daf41cdb98e782e885dcee2983d01e9\">Merci Rachel pour cet appel.<\/p>\n\n\n\n<p class=\"has-embla-blue-color has-text-color has-link-color wp-elements-b1623e44b77045a13494419dde395847\">Pour ma part je mettrais les arguments suivants :<\/p>\n\n\n\n<p class=\"has-embla-blue-color has-text-color has-link-color wp-elements-cbf3471e63292196d752900d519eff45\">L&rsquo;environnement (climat, biodiversit\u00e9 ne sont pas les seuls \u00e0 souffrir). La soci\u00e9t\u00e9 enti\u00e8re est d\u00e9prim\u00e9e par manque de confiance en l&rsquo;avenir par manque d&rsquo;esp\u00e9rance, de perspective. Dans ce contexte le populisme et les r\u00e9gimes autoritaires guettent nos d\u00e9mocraties. Pourtant des voies sont possibles :<\/p>\n\n\n\n<p class=\"has-embla-blue-color has-text-color has-link-color wp-elements-7b4de5788b8496d0292cd8865c360bdd\">Comme dans les autres secteurs d&rsquo;activit\u00e9s de la soci\u00e9t\u00e9, (habitat, industrie, p\u00eache&#8230;) l&rsquo;agriculture doit revoir les crit\u00e8res qui permettent les d\u00e9cisions : le premier crit\u00e8re ne doit plus \u00eatre l&rsquo;\u00e9conomique. Par exemple, vous dites que sans produit chimique, la fili\u00e8re fraise en France est morte. La soci\u00e9t\u00e9 \u00ab\u00a0Terre ad\u00e9lice\u00a0\u00bb qui produit sorbets et glaces s&rsquo;approvisionne en local et a recr\u00e9\u00e9 des fili\u00e8res locales en particulier de production de fraises en agriculture biologique. Effectivement le prix d&rsquo;achat local et bio est plus important. Mais avez-vous chiffr\u00e9 le co\u00fbt de la destruction du vivant, des subventions accord\u00e9es aux cultures industrielles. Ce faisant le co\u00fbt du bio devient comp\u00e9titif et surtout cela redonne du sens au travail de tous les acteurs de la fili\u00e8re.<\/p>\n\n\n\n<p class=\"has-embla-blue-color has-text-color has-link-color wp-elements-389d7dcfa1c10d30eca779e8c9aa93f3\">Dans les entreprises, qu&rsquo;elles soient industrielles ou agricoles, le crit\u00e8re \u00e9conomique ne doit pas \u00eatre le premier crit\u00e8re. Le r\u00e9sultat \u00e9conomique est une cons\u00e9quence d&rsquo;un travail de qualit\u00e9, qui a du sens et qui alors est r\u00e9alis\u00e9 par des acteurs motiv\u00e9s. Mon exp\u00e9rience de chef d&rsquo;entreprise (Terre ad\u00e9lice en Ard\u00e8che) m&rsquo;ont convaincu de cela : redonner du sens au travail et ne pas faire de concessions sur la qualit\u00e9. Les r\u00e9sultats \u00e9conomiques suivent alors.<\/p>\n\n\n\n<p class=\"has-embla-blue-color has-text-color has-link-color wp-elements-3c704b297fefdf39e4217f9396128c42\">Il est effectif que la fili\u00e8re agricole souffre, mais ce n&rsquo;est pas en p\u00e9rennisant une organisation qui a cr\u00e9\u00e9 cet \u00e9tat que l&rsquo;on va s&rsquo;en sortir. Il faut accompagner la transition et aider les structures \u00e0 adopter un nouveau mod\u00e8le. Accepter peut-\u00eatre temporairement de payer plus ch\u00e8re les productions agricoles, que les acteurs puissent en vivre, abandonner les subventions \u00e0 l&rsquo;agriculture intensive, prendre en compte le respect du vivant&#8230; Redonner du souffle et une esp\u00e9rance au monde agricole.&nbsp;<\/p>\n\n\n\n<p class=\"has-embla-blue-color has-text-color has-link-color wp-elements-424e18ee4091ed1b317bccd71f143374\">D&rsquo;autre part, je voudrais attirer votre attention sur une \u00e9tude \u00e9conomique&nbsp; \u00ab\u00a0<em>L&rsquo;injuste prix de notre alimentation<\/em>\u00a0\u00bb (Civam, Solidarit\u00e9s paysans, F\u00e9d\u00e9ration fran\u00e7aise des diab\u00e9tiques) qui met en lumi\u00e8re qu&rsquo;il y a la place \u00e9conomiquement pour une transition vers une alimentation de qualit\u00e9. Accompagnons cette transition, tout le monde sera gagnant, les acteurs du monde agricole, la soci\u00e9t\u00e9 d\u00e9mocratique en danger, la plan\u00e8te.<\/p>\n\n\n\n<p class=\"has-embla-blue-color has-text-color has-link-color wp-elements-6f541bc4d1071fada647b4c06d31fee7\">Merci de r\u00e9pondre \u00e0 nos courriers et de prendre en compte nos pr\u00e9occupations. Merci de prendre en compte l&rsquo;avis des \u00ab\u00a0sans voix\u00a0\u00bb qui sont de peu de poids face aux puissants \u00e9conomiquement (je pense au d\u00e9put\u00e9 Duplomd et aux lobbies qui le soutiennent). Merci de bien vouloir nous repr\u00e9senter et merci de votre engagement.<\/p>\n\n\n\n<p class=\"has-embla-blue-color has-text-color has-link-color wp-elements-2e9368ae640daf8a18749fa2b65efc47\">Xavier Rousselle<\/p>\n\n\n\n<p>Bonjour Rachel,<\/p>\n\n\n\n<p>Voici deux articles du canard encha\u00een\u00e9 qui peuvent vous int\u00e9resser.<\/p>\n\n\n\n<p>En fait, cette loi Duplomb favorise l&rsquo;agriculture productiviste et la \u00ab\u00a0mal-bouffe\u00a0\u00bb avec le nutella&nbsp;dont on sait qu&rsquo;il favorise l&rsquo;ob\u00e9sit\u00e9 des enfants.<\/p>\n\n\n\n<p>Quand la d\u00e9put\u00e9e parle du soutien aux agriculteurs, on retrouve les \u00e9l\u00e9ments de langage du lobby des grands producteurs c\u00e9r\u00e9alier et betteraviers (dont certains sont encart\u00e9s \u00e0 la FNSEA).<\/p>\n\n\n\n<p>Et dans tout ce beau langage, comment sont consid\u00e9r\u00e9s les apiculteurs dont la production est essentielle pour diminuer l&rsquo;importation de \u00ab\u00a0miel\u00a0\u00bb frelat\u00e9s (chinois, entr&rsquo;autres) ?<\/p>\n\n\n\n<p>Je pensais, na\u00efvement peut-\u00eatre, que c&rsquo;\u00e9taient aussi des agriculteurs.<\/p>\n\n\n\n<p>Pas un mot sur eux ni sur les abeilles essentielles \u00e0 la pollinisation.<\/p>\n\n\n\n<p>En serons nous r\u00e9duits, comme en Chine, \u00e0 pallier la disparition des abeilles en pollinisant \u00e0 la plume ?<\/p>\n\n\n\n<p>Bien cordialement<\/p>\n\n\n\n<p><em>Fran\u00e7ois<\/em><\/p>\n\n\n\n<p class=\"has-embla-blue-color has-text-color has-link-color wp-elements-95cb90a585068c02530d381efd8a6f4c\">Quelle consternation !<\/p>\n\n\n\n<p class=\"has-embla-blue-color has-text-color has-link-color wp-elements-f3d3cd30f113937e3d1e0b0ac596b896\">Les pesticides interdits depuis 2018 autoris\u00e9s \u00e0 nouveau.<\/p>\n\n\n\n<p class=\"has-embla-blue-color has-text-color has-link-color wp-elements-e17e5c9718c47f3057b0ac9dcc793c21\">L\u2019argument de leur non toxicit\u00e9 ne tient pas : tous les scientifiques assurent qu\u2019ils sont canc\u00e9rig\u00e8nes, perturbateurs endocriniens, reprotoxiques.<\/p>\n\n\n\n<p class=\"has-embla-blue-color has-text-color has-link-color wp-elements-e92161ccc5a0c66b1994048b75764338\">\u00ab<em>&nbsp;D\u2019autres europ\u00e9ens l\u2019utilisent et <\/em><em>ce<\/em><em> serait d\u00e9favoriser nos paysans que de laisser cette interdiction fran\u00e7aise. <\/em>\u00bb nous oppose-t-on<\/p>\n\n\n\n<p class=\"has-embla-blue-color has-text-color has-link-color wp-elements-8c9087291e304ef5b209c04624a313bb\">Contre-argumentaire<\/p>\n\n\n\n<p class=\"has-embla-blue-color has-text-color has-link-color wp-elements-5f657e4d33ffef181e4531aa94d75b79\">&#8211; D\u2019abord, ce serait prot\u00e9ger les paysans que de maintenir cette non utilisation. Ils sont les premiers expos\u00e9s.<\/p>\n\n\n\n<p class=\"has-embla-blue-color has-text-color has-link-color wp-elements-c57e5e2820625be941ba2d1efd43b0d6\">Ce serait une occasion de d\u00e9velopper un savoir-faire fran\u00e7ais de qualit\u00e9, et sain. Cette autorisation fait croire que nos paysans sont incomp\u00e9tents, et qu\u2019ils ne savent pas travailler sans ces produits. Or il existe tout un savoir faire qui demande, certes une r\u00e9organisation de la fili\u00e8re paysanne, mais qui serait respectueuse de la sant\u00e9 des paysans, et des personnes qu\u2019ils souhaitent nourrir, et \u00e9galement respectueuse de tout l\u2019\u00e9cosyst\u00e8me.<\/p>\n\n\n\n<p class=\"has-embla-blue-color has-text-color has-link-color wp-elements-94553221c99d37fcac12f28074baa86b\">Mme la d\u00e9put\u00e9 de l\u2019Is\u00e8re s\u2019inqui\u00e8te de la destruction de certaine fili\u00e8re. Une fili\u00e8re d\u00e9l\u00e9t\u00e8re, ce n\u2019est vraiment pas grave si on la d\u00e9mant\u00e8le et qu\u2019on d\u00e9veloppe d\u2019autres formes de fili\u00e8re : la fili\u00e8re bio cr\u00e9e de l\u2019emploi si on lui permet de se d\u00e9velopper.<\/p>\n\n\n\n<p class=\"has-embla-blue-color has-text-color has-link-color wp-elements-21484c54f319227e82fabf858a526911\">Nous avons d\u00e9mantel\u00e9 la fili\u00e8re amiante, et trouver d\u2019autres alternatives, nous sommes capables de d\u00e9velopper d\u2019autres fili\u00e8res.<\/p>\n\n\n\n<p class=\"has-embla-blue-color has-text-color has-link-color wp-elements-81c0e7e99494f35cfdff207bfd46edfe\">Le probl\u00e8me est que le choix s\u2019est fait par une vision financi\u00e8re et \u00e0 court terme uniquement. Seuls les int\u00e9r\u00eats financiers de quelques uns ont pes\u00e9 dans la balance, mais aucunement dans une vision globale (co\u00fbt de la destruction de l\u2019environnement, co\u00fbt des soins de sant\u00e9 li\u00e9 aux pesticides etc).<\/p>\n\n\n\n<p class=\"has-embla-blue-color has-text-color has-link-color wp-elements-3c434a2fbe7f560dda6219b36356c4f1\">&#8211; Ensuite cette d\u00e9cision interroge sur le plan de la Sant\u00e9 Publique. Le silence assourdissant de notre ministre de la sant\u00e9 (qui \u00e9tait d\u00e9put\u00e9 sur cette m\u00eame circonscription avant de prendre son poste) est une preuve que le volet pr\u00e9vention ne se d\u00e9veloppe pas en France.<\/p>\n\n\n\n<p class=\"has-embla-blue-color has-text-color has-link-color wp-elements-661a689ec9a7f20898a954f6353df066\">Pr\u00e9venir les cancers, les troubles endocriniens, les troubles de la fertilit\u00e9, ne sont pas dans les priorit\u00e9s du minist\u00e8re de la sant\u00e9.<\/p>\n\n\n\n<p class=\"has-embla-blue-color has-text-color has-link-color wp-elements-e68614854056187219f1a83a683e197b\">Notre ministre, lui m\u00eame m\u00e9decin aime le curatif qui fait augmenter le PIB. Il s\u2019est permis de pr\u00e9senter son plan cancer, en m\u00eame temps que sa non intervention sur l\u2019utilisation des pesticides toxiques.<\/p>\n\n\n\n<p class=\"has-embla-blue-color has-text-color has-link-color wp-elements-451dd553322d47ab7fe1a34328e76760\">Nous avons entendu, lors de l\u2019\u00e9pid\u00e9mie que la sant\u00e9 n\u2019a pas de prix, mais elle en a bien un puisqu\u2019on refuse de faire des efforts financiers pour la pr\u00e9vention et aider au d\u00e9veloppement d\u2019une agriculture qui permet de se nourrir sainement.<\/p>\n\n\n\n<p class=\"has-embla-blue-color has-text-color has-link-color wp-elements-e21eb6acbf3c40c746703af2184648c5\">L\u00e0 encore on pr\u00e9f\u00e8re les contrats financiers (accord sur le phosphate marocain concentr\u00e9 en cadnium) plut\u00f4t que de contractualiser dans des r\u00e9gions nordiques plus saines quant \u00e0 la concentration de cadnium.<\/p>\n\n\n\n<p class=\"has-embla-blue-color has-text-color has-link-color wp-elements-56b516410eff9de9467ffc4d7fbf5782\">&#8211; Cette d\u00e9cision peut mettre en danger d\u2019autres fili\u00e8res agricoles qui ont besoin des pollinisateurs pour se d\u00e9velopper, et que nous pouvons voir diminuer, et m\u00eame s\u2019\u00e9teindre.<\/p>\n\n\n\n<p class=\"has-embla-blue-color has-text-color has-link-color wp-elements-9652938081a481ff2effdaaff37d5779\">&#8211; Tout le monde est concern\u00e9, mais la population est peu \u00e9cout\u00e9e.<\/p>\n\n\n\n<p class=\"has-embla-blue-color has-text-color has-link-color wp-elements-5ba27a6085a97b3357b31d5d07816ade\">Alors la population doit agir : le boycott des produits utilisant les pesticides permettraient d\u2019orienter l\u2019agriculture autrement.<\/p>\n\n\n\n<p class=\"has-embla-blue-color has-text-color has-link-color wp-elements-e5a272f0276dabec1939ebd74c7e5201\">Bien s\u00fbr cette alimentation est plus ch\u00e8re sur le march\u00e9, mais cela est d\u00fb \u00e0 quoi ? L\u2019agriculteur qui ach\u00e8te des grandes parcelles et des pesticides est subventionn\u00e9 pour nous fournir cette nourriture qui empoisonne. L\u2019agriculteur bio, est beaucoup moins subventionn\u00e9, et emploie plus d\u2019ouvrier agricole, ou s\u2019associe, mais n\u2019a pas de subvention a hauteur de cet engagement. Mais la cause principale est que dans les supermarch\u00e9s la marge pris par les magasin est de 4 \u00e0 6 fois plus importante que pour les aliments non bio. C\u2019est scandaleux ! Les grands magasins vous emp\u00eachent de manger bio en se faisant des super- marges.<\/p>\n\n\n\n<p class=\"has-embla-blue-color has-text-color has-link-color wp-elements-f4731b27b9cb83749c33ebc98d59b2ee\">Boycottons aussi ces grands magasins et essayons de trouver de la vente directe.<\/p>\n\n\n\n<p class=\"has-embla-blue-color has-text-color has-link-color wp-elements-f3e44e111896d49d753bf98c820e7558\">On voit que des d\u00e9cisions politiques permettraient de r\u00e9guler cela.<\/p>\n\n\n\n<p class=\"has-embla-blue-color has-text-color has-link-color wp-elements-26026715f59a6e7f471bb405125d2508\">C\u2019est une solution pour manger moins, et mieux : ce qui est tr\u00e8s bon pour la sant\u00e9. Mais notre production cherche \u00e0 faire du chiffre : \u00e0 nous vendre des aliments sur-sal\u00e9s, sur-sucr\u00e9s, sur gras qui rapportent de l\u2019argent. La fili\u00e8re agro-alimentaire ne cherche pas \u00e0 nous nourrir bien, elle cherche \u00e0 faire du b\u00e9n\u00e9fice et 1\/4 de la nourriture est jet\u00e9e, et par cons\u00e9quent parfois des b\u00eates tu\u00e9es pour rien.<\/p>\n\n\n\n<p class=\"has-embla-blue-color has-text-color has-link-color wp-elements-6a472a283c80ce8482f6215000b8b1f1\">Il faut repenser la fili\u00e8re alimentaire : r\u00e9pondre \u00e0 nos besoins et non au besoin de faire de l\u2019argent et r\u00e9guler cette fili\u00e8re.<\/p>\n\n\n\n<p class=\"has-embla-blue-color has-text-color has-link-color wp-elements-331619bdbff01c52e9680022215eeb59\">Je ne suis pas politicienne pour savoir comment le faire, mais je pense que c\u2019est possible.<\/p>\n\n\n\n<p class=\"has-embla-blue-color has-text-color has-link-color wp-elements-632505ecef093c8a782fcf0a318e6f1d\">En d\u00e9veloppant les fili\u00e8res courtes, biologiques, et en \u00e9duquant la population aux besoins alimentaires. En d\u00e9veloppant des allocations destin\u00e9es \u00e0 l\u2019alimentation saine.<\/p>\n\n\n\n<p class=\"has-embla-blue-color has-text-color has-link-color wp-elements-d349e10a9bef0baaf8062ddd6b4eb0e3\">Mais en tant que citoyen-ne, nous pouvons orienter notre fa\u00e7on de se nourrir. Accepter de r\u00e9\u00e9quilibrer notre budget. L\u2019alimentation est parfois le poste d\u2019ajustement pour diminuer les d\u00e9penses d\u2019un m\u00e9nage. Cela ne devrait pas, une allocation d\u00e9di\u00e9e \u00e0 l\u2019alimentation pourrait \u00eatre cr\u00e9e pour \u00eatre s\u00fbr que chaque enfant, chaque m\u00e9nage mange sainement. Comme nous sommes s\u00fbrs de pouvoir \u00eatre soign\u00e9, nous pourrions \u00eatre s\u00fbrs de pourvoir bien manger. La nourriture peut \u00eatre un des meilleurs outils pour am\u00e9liorer notre sant\u00e9.<\/p>\n\n\n\n<p class=\"has-embla-blue-color has-text-color has-link-color wp-elements-95275a39dcdc1c2a806d23c5c258bf77\">La variable d\u2019ajustement devrait \u00eatre ailleurs (\u00e9cran: est-il n\u00e9cessaire que chaque membre d\u2019une famille ait son \u00e9cran, est-il n\u00e9cessaire de changer les t\u00e9l\u00e9phones si souvent)\u2026 d\u2019autres fili\u00e8res destructrices, mais on pourrait en \u00e9crire encore et encore&#8230;<\/p>\n\n\n\n<p class=\"has-embla-blue-color has-text-color has-link-color wp-elements-a65ac93c1521cf8715cc1a6d08aa69db\">Regardez et jouissez de la nature, manger sainement, prot\u00e9gez les autres,<\/p>\n\n\n\n<p class=\"has-embla-blue-color has-text-color has-link-color wp-elements-6eda6bcbc86bad07a0f0e61a3b754b5e\">la sobri\u00e9t\u00e9 heureuse existe ! Honte \u00e0 la loi Duplomb<\/p>\n\n\n\n<p class=\"has-embla-blue-color has-text-color has-link-color wp-elements-9eb17bc59c19d08eb6583243dcbba2f1\">Odile<\/p>\n\n\n\n<p>Bonsoir,<\/p>\n\n\n\n<p>Il me semble int\u00e9ressant de conna\u00eetre le vote de Mme Dezarnau (pour, contre, abstention) car, visiblement, lorsqu&rsquo;on regarde les votes par d\u00e9put\u00e9, cette dame n&rsquo;appara\u00eet pas.<\/p>\n\n\n\n<p>Est-ce un oubli du site consult\u00e9 ?<\/p>\n\n\n\n<p>\u00c9tait-elle absente ?<\/p>\n\n\n\n<p>Pourquoi ne pas avoir vot\u00e9 ?<\/p>\n\n\n\n<p>Concernant sa r\u00e9ponse &#8211; tr\u00e8s vertueuse &#8211; sur la position de la France vis \u00e0 vis des autres pays de l&rsquo;UE, le r\u00f4le de l&rsquo;Europe n&rsquo;aurait-il pas d\u00fb \u00eatre d&rsquo;interdire fermement ces substances dangereuses (pour l&rsquo;humain et la biodiversit\u00e9) dans tous les pays ? &#8230;.<\/p>\n\n\n\n<p>De quoi interroger Mme Dezarnau !<\/p>\n\n\n\n<p>Bonne soir\u00e9e.&nbsp;<\/p>\n\n\n\n<p>Bien cordialement.<\/p>\n\n\n\n<p>Brigitte<\/p>\n\n\n\n<p class=\"has-embla-blue-color has-text-color has-link-color wp-elements-ccee138f81660113162cb18f84c90294\">Bonjour Rachel<\/p>\n\n\n\n<p class=\"has-embla-blue-color has-text-color has-link-color wp-elements-38b5afcd76b9fa71b64e1c915b18364c\">J ai lu la r\u00e9ponse de notre incomp\u00e9tente d\u00e9put\u00e9e qui pense comme beaucoup \u00e0 sa carri\u00e8re politique et son int\u00e9r\u00eat personnel\u2026 elle vient de rentrer dans la cour des grands, il ne fait pas froisser et se mettre en opposition avec les autres pantins !<\/p>\n\n\n\n<p class=\"has-embla-blue-color has-text-color has-link-color wp-elements-d0fd0af19e44bd9bb9a5cd3e0faec5ac\">C\u2019est exactement ce que j\u2019explique aux enfants, que certains individus sont pr\u00eats \u00e0 nous empoisonner pour gagner encore plus d\u2019argent\u2026&nbsp;<\/p>\n\n\n\n<p class=\"has-embla-blue-color has-text-color has-link-color wp-elements-49f3088db2162f7a07befd736f9c9ebf\">Les exemples ne manquent pas&nbsp;<\/p>\n\n\n\n<p class=\"has-embla-blue-color has-text-color has-link-color wp-elements-100f1e98f008f5302b22e03ed3b08b8a\">Sa r\u00e9ponse est tellement m\u00e9prisante par rapport \u00e0 la vue sur cette plan\u00e8te ! Et tellement pas courageux ! Au lieu de se battre au niveau europ\u00e9en pour que les autres changent leur mod\u00e8les agricoles et bien on r\u00e9trograde en d\u00e9pit de la Vie &nbsp;en g\u00e9n\u00e9ral !&nbsp;<\/p>\n\n\n\n<p class=\"has-embla-blue-color has-text-color has-link-color wp-elements-36f18e64f6451b95da40b5e9d1d785a5\">Elle s\u2019est fait bien manipuler en parlant de survie de certaines fili\u00e8res , pour lutter \u00e0 Armes \u00e9gales avec les autres pays europ\u00e9ens ! On tire vers le bas encore plus ! L\u2019argent et l\u2019app\u00e2t du gain&nbsp;<\/p>\n\n\n\n<p class=\"has-embla-blue-color has-text-color has-link-color wp-elements-01e9466c65e1224a76ff9462e96d1413\">Avec l\u2019influence constante des lobby qui dictent comment on doit vivre respirer et manger ! Ils g\u00e8rent tout et les grandes d\u00e9cisions de l\u2019\u00e9tat !&nbsp;<\/p>\n\n\n\n<p class=\"has-embla-blue-color has-text-color has-link-color wp-elements-b90bc43e7f17d8b42e3682da582b9f49\">Je suis \u00e9c\u0153ur\u00e9 par cette attitude, de toute fa\u00e7on en tant qu\u2019\u00e9lu je n\u2019ai cess\u00e9 d\u2019\u00eatre d\u00e9\u00e7u par l\u2019\u00eatre humain qui d\u00e9tient un semblant de pouvoir car ils vont tous aller au m\u00eame endroit que nous autres.&nbsp;<\/p>\n\n\n\n<p class=\"has-embla-blue-color has-text-color has-link-color wp-elements-30e096859f7a966d00b0732fb8657dc2\">J\u2019ai du mal \u00e0 \u00e9crire quelque chose de coh\u00e9rent, d\u00e9sol\u00e9&nbsp;<\/p>\n\n\n\n<p class=\"has-embla-blue-color has-text-color has-link-color wp-elements-a8a46061ce7e0889aa9450858d04e82c\">Je nous sens en danger et je suis inquiet pour nos enfants ! Au plus on va dans le mur et plus on acc\u00e9l\u00e8re !<\/p>\n\n\n\n<p class=\"has-embla-blue-color has-text-color has-link-color wp-elements-6690951a74cc3e4c1f6636098c52d59c\">Je vous embrasse&nbsp;<\/p>\n\n\n\n<p class=\"has-embla-blue-color has-text-color has-link-color wp-elements-52b5b12056017f4cc3d7f2fe649260db\">Fran\u00e7ois<\/p>\n\n\n\n<p>Salut Rachel, bien vu d\u2019envoyer au d\u00e9put\u00e9, sa r\u00e9ponse est conventionnelle ds le mouv de la fnsea. Sauver une fili\u00e8re est un argument l\u00e9ger , le revenu et les prix minimums sont la base, \u00e0 lui rapeler. Tu nous diras stp tes retours. Bises maud<\/p>\n\n\n\n<p class=\"has-embla-blue-color has-text-color has-link-color wp-elements-b33ba64dbd66258b09cd82f4a902a15b\">Bonsoir,<\/p>\n\n\n\n<p class=\"has-embla-blue-color has-text-color has-link-color wp-elements-ea8d71b3d3b83832bd7e905b789a2177\">Voici ma petite r\u00e9ponse&nbsp;!<\/p>\n\n\n\n<p class=\"has-embla-blue-color has-text-color has-link-color wp-elements-2f70646feb1dbde6ac26c1ee6cfdc530\">Depuis 2020 que l\u2019ac\u00e9tamipride a \u00e9t\u00e9 interdit, nous n\u2019avons manqu\u00e9 ni de noisettes, ni de fraise, ni de kiwis. On a tr\u00e8s bien pu se passer de ce poison.<\/p>\n\n\n\n<p class=\"has-embla-blue-color has-text-color has-link-color wp-elements-9d4ca7ada88b9563b7b2e2c40f853e7e\">Dire que 14 pays europ\u00e9ens s\u2019en servent aujourd\u2019hui, c\u2019est nier que 13 ne s\u2019en servent pas. L\u2019Europe a bon dos pour justifier un nivellement l\u00e9gislatif par le bas.<\/p>\n\n\n\n<p class=\"has-embla-blue-color has-text-color has-link-color wp-elements-f59e38c5cad4a77b6429adccf765f93f\">Cette loi Duplomb est une r\u00e9gression sanitaire et environnementale, c\u2019est pourquoi j\u2019ai sign\u00e9 la p\u00e9tition sur le site de l\u2019Assembl\u00e9e Nationale&nbsp;: <a href=\"https:\/\/petitions.assemblee-nationale.fr\/initiatives\/i-3014\" target=\"_blank\" rel=\"noreferrer noopener\">https:\/\/petitions.assemblee-nationale.fr\/initiatives\/i-3014<\/a><\/p>\n\n\n\n<p class=\"has-embla-blue-color has-text-color has-link-color wp-elements-a87ad9b765fc3424c480910b6c415780\">Cela fait trois ans au moins qu\u2019un lien statistique est \u00e9tabli entre les pesticides utilis\u00e9s dans les vignes et les cas de leuc\u00e9mie, notamment chez les enfants.<\/p>\n\n\n\n<p class=\"has-embla-blue-color has-text-color has-link-color wp-elements-c7dc3554ac997d3d87d9447692eb3913\">Depuis quelques mois, il est public qu\u2019un lien est fait entre la pr\u00e9sence de cadmium dans les engrais et les cancers du pancr\u00e9as.<\/p>\n\n\n\n<p class=\"has-embla-blue-color has-text-color has-link-color wp-elements-1af2b976590271974d5d8ae42f828a9c\">Combien faudra-t-il de morts anonymes pour que l\u2019Assembl\u00e9e Nationale se saisissent de ces sujets&nbsp;?<\/p>\n\n\n\n<p class=\"has-embla-blue-color has-text-color has-link-color wp-elements-43c8500303541d563551123fb2e80aa4\">Bon week-end&nbsp;!<\/p>\n\n\n\n<p class=\"has-embla-blue-color has-text-color has-link-color wp-elements-768449509bf85aa5600f52ab23736d11\">Jacques<\/p>\n\n\n\n<p>Bonjour Rachel,<\/p>\n\n\n\n<p>J\u2019ai tard\u00e9 \u00e0 te r\u00e9pondre\u2026 mais mieux vaut tard que jamais!<\/p>\n\n\n\n<p>J\u2019avoue avoir \u00e9t\u00e9 troubl\u00e9e par ton mail\u2026 et par la r\u00e9ponse de la d\u00e9put\u00e9e.<\/p>\n\n\n\n<p>Elle dit que certaines fili\u00e8res risquent de dispara\u00eetre (noisettes, kiwi, fraises) sans cet ac\u00e9tamipride. Mais elle n\u2019explique pas pourquoi\u2026 et ne dit pas non plus pourquoi ces seules fili\u00e8res\u2026<\/p>\n\n\n\n<p>C\u2019est un produit tueur d\u2019abeilles\u2026 et on sait que sans les abeilles l\u2019humain ne sera plus\u2026<\/p>\n\n\n\n<p>Et vous qui vous battez pour une agriculture biologique, on comprend bien qu\u2019avec un voisin qui utiliserait ce produit, vous ne seriez plus non plus\u2026&nbsp;<\/p>\n\n\n\n<p>Qu\u2019en est-il de l\u2019utilisation dans les autres pays europ\u00e9ens? Car elle dit que ce produit est autoris\u00e9, mais est-il utilis\u00e9? Et sinon, quelles sont leurs m\u00e9thodes?<\/p>\n\n\n\n<p>Bref, c\u2019est un sujet qui pour une non-initi\u00e9e est bien complexe. Mais je vous soutiens malgr\u00e9 tout sans faille, vous qui nous permettez d\u2019\u00eatre. Merci!<\/p>\n\n\n\n<p>Pour cela, j\u2019ai sign\u00e9 la p\u00e9tition sur le site de l\u2019Assembl\u00e9e Nationale demandant l\u2019abrogation de la loi. <img decoding=\"async\" alt=\"\ud83e\udd1e\" src=\"https:\/\/fonts.gstatic.com\/s\/e\/notoemoji\/16.0\/1f91e\/72.png\"><img decoding=\"async\" alt=\"\ud83e\udd1e\" src=\"https:\/\/fonts.gstatic.com\/s\/e\/notoemoji\/16.0\/1f91e\/72.png\"><img decoding=\"async\" alt=\"\ud83e\udd1e\" src=\"https:\/\/fonts.gstatic.com\/s\/e\/notoemoji\/16.0\/1f91e\/72.png\"><\/p>\n\n\n\n<p class=\"has-embla-blue-color has-text-color has-link-color wp-elements-5fee714fe4bdc13308b8426bd1574bf2\">Bonsoir Rachel et Compagnie,&nbsp;<\/p>\n\n\n\n<p class=\"has-embla-blue-color has-text-color has-link-color wp-elements-bbc0b8a055dbd890995eb6b533733d8e\">Je te r\u00e9ponds et salue ton courage dans l&rsquo;expression de tes divers points de vue que je lis avec attention.\u00a0<\/p>\n\n\n\n<p class=\"has-embla-blue-color has-text-color has-link-color wp-elements-adea0e8b6df4fb6f4e5f7954bdb76565\">Je suis avec une sinc\u00e8re passion, la superbe vague qui d\u00e9ferle sur le gouvernement et consorts au sujet de loi Duplomb.\u00a0<\/p>\n\n\n\n<p class=\"has-embla-blue-color has-text-color has-link-color wp-elements-7ebf0ab0b1c535fd76dd056eb39ec7b5\">Ci-joint une photo d&rsquo;un graphique (je l&rsquo;attendais celui-l\u00e0) qui donne un v\u00e9ritable espoir.&nbsp;<\/p>\n\n\n\n<p class=\"has-embla-blue-color has-text-color has-link-color wp-elements-99b2f4267c7db2072fe0937bf76e6522\">De plus, les articles sortis ce soir sur Mediapart (es-tu abonn\u00e9e ?) donn\u00e9 des \u00e9l\u00e9ments nouveaux sur cette progression.&nbsp;<\/p>\n\n\n\n<p class=\"has-embla-blue-color has-text-color has-link-color wp-elements-f1a549629d8f3d04520f52ccb4d20b12\">Ainsi que des arguments.&nbsp;<\/p>\n\n\n\n<p class=\"has-embla-blue-color has-text-color has-link-color wp-elements-d82c557189e36462733637d8a788a3b6\">Si tu veux je te les recopie et te les envoie.<\/p>\n\n\n\n<p class=\"has-embla-blue-color has-text-color has-link-color wp-elements-e56c77bb185a08312c177f1cc71c1fbe\">Maintenant, \u00e7a va tellement vite que je me permets de pronostiquer 5.000.000 de signataires vers la mi-ao\u00fbt.&nbsp;<\/p>\n\n\n\n<p class=\"has-embla-blue-color has-text-color has-link-color wp-elements-4a898b8793493857c6e5a82ac2bcd6ed\">C&rsquo;est une r\u00e9volte ? Etc. etc.&nbsp;<\/p>\n\n\n\n<p class=\"has-embla-blue-color has-text-color has-link-color wp-elements-92137bbc4d72c9bcbe71700f33cb4f21\">Voil\u00e0, je te dis \u00e0 bient\u00f4t.&nbsp;<\/p>\n\n\n\n<p class=\"has-embla-blue-color has-text-color has-link-color wp-elements-a6d655cd7ea357d26a86c4f735b2e3f2\">Dominique<\/p>\n\n\n\n<figure class=\"wp-block-image size-large is-resized\"><img loading=\"lazy\" decoding=\"async\" width=\"848\" height=\"1024\" src=\"https:\/\/www.lafermeducontrevent.fr\/wp-content\/uploads\/2025\/07\/unnamed-848x1024.png\" alt=\"\" class=\"wp-image-531\" style=\"width:383px;height:auto\" srcset=\"https:\/\/www.lafermeducontrevent.fr\/wp-content\/uploads\/2025\/07\/unnamed-848x1024.png 848w, https:\/\/www.lafermeducontrevent.fr\/wp-content\/uploads\/2025\/07\/unnamed-248x300.png 248w, https:\/\/www.lafermeducontrevent.fr\/wp-content\/uploads\/2025\/07\/unnamed-768x927.png 768w, https:\/\/www.lafermeducontrevent.fr\/wp-content\/uploads\/2025\/07\/unnamed-66x80.png 66w, https:\/\/www.lafermeducontrevent.fr\/wp-content\/uploads\/2025\/07\/unnamed.png 1036w\" sizes=\"auto, (max-width: 848px) 100vw, 848px\" \/><\/figure>\n\n\n\n<p>Rachel et Lionel, <\/p>\n\n\n\n<p>je suis tr\u00e8s conscient de vos soucis sur le devenir d&rsquo;une agriculture humaine telle que vous la pratiquez, et je voudrais vous encourager \u00e0 pers\u00e9v\u00e9rer dans votre voie, ce n&rsquo;est que du bonheur pour nous, clients \u00ab\u00a0militants \u00a0\u00bb \u00e0 notre fa\u00e7on par notre fid\u00e9lit\u00e9 et pour vous faire connaitre&#8230;<\/p>\n\n\n\n<p>La r\u00e9ponse de la d\u00e9put\u00e9e me parait pas du tout positive, soit elle n&rsquo;y connait rien , soit elle simplifie pour ne pas g\u00eaner les autorit\u00e9s qu&rsquo;elle soutien&#8230;. Sa pub pour l&rsquo;ac\u00e9tamicide\u00a0n&rsquo;est qu&rsquo;un mensonge, tous les scientifiques non soutenus par l&rsquo;industrie sont tr\u00e8s s\u00e9v\u00e8res sur ce poison&#8230;.Mais il est vrai qu&rsquo;il pr\u00e9serve les noisettes&#8230;..et les\u00a0betteraves sucri\u00e8res qui donnent le sucre blanc tr\u00e8s nocif pour notre sant\u00e9, mais massivement utilis\u00e9 par les fabricants de nourriture industrielle&#8230;.<\/p>\n\n\n\n<p>Je pense qu&rsquo;il ne faut pas compter sur nos \u00e9lus hauts plac\u00e9s pour que les choses \u00e9voluent, ils sont fid\u00e8les \u00e0 la FNSEA (et r\u00e9ciproquement). C&rsquo;est sur le terrain avec des artisans comme vous que nous avancerons.<\/p>\n\n\n\n<p>Amiti\u00e9 <\/p>\n\n\n\n<p>Jean<\/p>\n\n\n\n<p>Et ma r\u00e9ponse en chanson \u00e0 retrouver sur la page instagram ou facebook <a href=\"https:\/\/www.facebook.com\/share\/v\/16nFqx1Lat\/\">(lien ICI)<\/a><\/p>\n\n\n\n<p><\/p>\n","protected":false},"excerpt":{"rendered":"<p>D\u00e9but juillet 2025 je lance un appel \u00e0 r\u00e9ponse!!!&nbsp; Un besoin de cr\u00e9er du lien, d&rsquo;aff\u00fbter nos arguments, d&rsquo;oser le d\u00e9bat ! Et de transformer mon d\u00e9sarroi de voir l&rsquo;agriculture&hellip; <\/p>\n","protected":false},"author":1,"featured_media":0,"comment_status":"open","ping_status":"open","sticky":false,"template":"","format":"standard","meta":{"footnotes":""},"categories":[2],"tags":[],"class_list":["post-526","post","type-post","status-publish","format-standard","hentry","category-actualites"],"_links":{"self":[{"href":"https:\/\/www.lafermeducontrevent.fr\/index.php\/wp-json\/wp\/v2\/posts\/526","targetHints":{"allow":["GET"]}}],"collection":[{"href":"https:\/\/www.lafermeducontrevent.fr\/index.php\/wp-json\/wp\/v2\/posts"}],"about":[{"href":"https:\/\/www.lafermeducontrevent.fr\/index.php\/wp-json\/wp\/v2\/types\/post"}],"author":[{"embeddable":true,"href":"https:\/\/www.lafermeducontrevent.fr\/index.php\/wp-json\/wp\/v2\/users\/1"}],"replies":[{"embeddable":true,"href":"https:\/\/www.lafermeducontrevent.fr\/index.php\/wp-json\/wp\/v2\/comments?post=526"}],"version-history":[{"count":4,"href":"https:\/\/www.lafermeducontrevent.fr\/index.php\/wp-json\/wp\/v2\/posts\/526\/revisions"}],"predecessor-version":[{"id":534,"href":"https:\/\/www.lafermeducontrevent.fr\/index.php\/wp-json\/wp\/v2\/posts\/526\/revisions\/534"}],"wp:attachment":[{"href":"https:\/\/www.lafermeducontrevent.fr\/index.php\/wp-json\/wp\/v2\/media?parent=526"}],"wp:term":[{"taxonomy":"category","embeddable":true,"href":"https:\/\/www.lafermeducontrevent.fr\/index.php\/wp-json\/wp\/v2\/categories?post=526"},{"taxonomy":"post_tag","embeddable":true,"href":"https:\/\/www.lafermeducontrevent.fr\/index.php\/wp-json\/wp\/v2\/tags?post=526"}],"curies":[{"name":"wp","href":"https:\/\/api.w.org\/{rel}","templated":true}]}}