{"id":524,"date":"2025-07-09T16:11:53","date_gmt":"2025-07-09T14:11:53","guid":{"rendered":"https:\/\/www.lafermeducontrevent.fr\/?p=524"},"modified":"2025-07-09T16:11:54","modified_gmt":"2025-07-09T14:11:54","slug":"marche-tout-lete","status":"publish","type":"post","link":"https:\/\/www.lafermeducontrevent.fr\/index.php\/2025\/07\/09\/marche-tout-lete\/","title":{"rendered":"March\u00e9 tout l&rsquo;\u00e9t\u00e9"},"content":{"rendered":"\n<p>Bonjour,<\/p>\n\n\n\n<p>Cet \u00e9t\u00e9 le <strong>march\u00e9 bio \u00e0 la ferme <\/strong>continue chaque <strong>vendredi de 16 \u00e0 19h<\/strong>. L&rsquo;occasion de faire un tour dans la ferme \u00e0 la rencontre des vaches ch\u00e8vres et cochons, et de passer un peu de temps avec vos paysans pr\u00e9f\u00e9r\u00e9s qui adorent finir la semaine avec vous !<\/p>\n\n\n\n<p>Comme chaque vendredi des produits bio et locaux : <strong>l\u00e9gumes<\/strong>, <strong>fruits<\/strong>, <strong>pains<\/strong>, <strong>fromages<\/strong>, <strong>\u0153ufs<\/strong>&#8230; <strong>La base !<\/strong><\/p>\n\n\n\n<p>Ce vendredi nous aurons de la <strong>viande de porc et charcuterie.<\/strong><\/p>\n\n\n\n<p>Marco sera l\u00e0 avec sa <strong>bi\u00e8re<\/strong>.&nbsp;<\/p>\n\n\n\n<p>Les <strong>melons <\/strong>sont arriv\u00e9s m\u00fbrs exactement comme il faut, de Marie Pierre.<\/p>\n\n\n\n<p>Les <strong>tomates <\/strong>sont aussi l\u00e0 ! Avec <strong>aubergines courgettes<\/strong>&#8230; Du jardin de Franck.<\/p>\n\n\n\n<p>De quoi bien profiter de l&rsquo;\u00e9t\u00e9 !<\/p>\n\n\n\n<p>Les commandes de pain sont \u00e0 faire par mail \u00e0 <a href=\"mailto:gaec@lafermeducontrevent.fr\" rel=\"noreferrer noopener\" target=\"_blank\">gaec@lafermeducontrevent.fr&nbsp;<\/a><\/p>\n\n\n\n<p>Pour \u00eatre s\u00fbr d&rsquo;en avoir !&nbsp;<\/p>\n\n\n\n<p>Et quelques nouvelles de cet \u00e9t\u00e9 \u00e0 la ferme.&nbsp;<\/p>\n\n\n\n<p>Nous sommes encore en recherche de main d&rsquo;\u0153uvre sur la ferme. En attendant de trouver des paysans, nous travaillons avec des salari\u00e9s, certains contrats se finissent en septembre, nous cherchons la rel\u00e8ve, des perles rares, avec cette envie de partager sa vie avec les animaux : les vaches, les ch\u00e8vres, les cochons et &#8230; les humains&nbsp;!<\/p>\n\n\n\n<p>Nous faisons grandir notre confiance en la vie. Vous ne pouvez pas savoir le nombre de fois o\u00f9 l&rsquo;on se dit \u00ab\u00a0On verra bien !\u00a0\u00bb&nbsp;<\/p>\n\n\n\n<p>Et c&rsquo;est vrai finalement dans la vie, \u00e7a ne sert \u00e0 rien de trop pr\u00e9voir, \u00e7a ne se passe jamais comme pr\u00e9vu !<\/p>\n\n\n\n<p>Cette&nbsp;ferme avec plein d&rsquo;activit\u00e9s obligent \u00e0 \u00eatre au moins 4 ou 5. Et on aime toutes ces activit\u00e9s qui se compl\u00e8tent, on aime cette logique. Faire du bl\u00e9, la base de notre culture, avoir des animaux pour le fumier et traire pour que leur production nous fasse vivre, transformer et vendre ce qu&rsquo;on produit&#8230;&nbsp;<\/p>\n\n\n\n<p>D&rsquo;une simplicit\u00e9 exigeante !&nbsp;<\/p>\n\n\n\n<p>Et la n\u00e9cessit\u00e9 de collaboration humaine fait aussi partie de l&rsquo;int\u00e9r\u00eat de cette histoire.&nbsp;<\/p>\n\n\n\n<p>Au jour le jour tout continue, il faut toujours nourrir les animaux, traire, fromager, boulanger et vendre chaque semaine. Puis il y a les temps qui n&rsquo;arrivent qu&rsquo;une fois dans l&rsquo;ann\u00e9e. En ce moment c&rsquo;est le temps des moissons ! Il y 9 mois on semait, et vient le temps de voir le r\u00e9sultat de ces semis. Entre-temps, \u00e7a n&rsquo;a \u00e9t\u00e9 qu&rsquo;observations impuissantes et pleines d&rsquo;esp\u00e9rance ! Cette semaine nous moissonnons le bl\u00e9 pour tous vos pains de l&rsquo;ann\u00e9e prochaine. Chaque pain c&rsquo;est 5m\u00b2 de bl\u00e9&#8230;&nbsp;<\/p>\n\n\n\n<p>On a repris cette ferme pour cette danse indispensable \u00e0 la vie humaine, pour nourrir nos corps en interrogeant chaque jour la vie et en la c\u00e9l\u00e9brant !&nbsp;<\/p>\n\n\n\n<p>Un pas apr\u00e8s l&rsquo;autre, l&rsquo;histoire de la ferme continue et merci \u00e9norm\u00e9ment d&rsquo;en faire partie !&nbsp;<\/p>\n\n\n\n<p>Au plaisir de vous accueillir \u00e0 la ferme<\/p>\n\n\n\n<p>Rachel&nbsp;<\/p>\n","protected":false},"excerpt":{"rendered":"<p>Bonjour, Cet \u00e9t\u00e9 le march\u00e9 bio \u00e0 la ferme continue chaque vendredi de 16 \u00e0 19h. L&rsquo;occasion de faire un tour dans la ferme \u00e0 la rencontre des vaches ch\u00e8vres&hellip; <\/p>\n","protected":false},"author":1,"featured_media":0,"comment_status":"open","ping_status":"open","sticky":false,"template":"","format":"standard","meta":{"footnotes":""},"categories":[2],"tags":[],"class_list":["post-524","post","type-post","status-publish","format-standard","hentry","category-actualites"],"_links":{"self":[{"href":"https:\/\/www.lafermeducontrevent.fr\/index.php\/wp-json\/wp\/v2\/posts\/524","targetHints":{"allow":["GET"]}}],"collection":[{"href":"https:\/\/www.lafermeducontrevent.fr\/index.php\/wp-json\/wp\/v2\/posts"}],"about":[{"href":"https:\/\/www.lafermeducontrevent.fr\/index.php\/wp-json\/wp\/v2\/types\/post"}],"author":[{"embeddable":true,"href":"https:\/\/www.lafermeducontrevent.fr\/index.php\/wp-json\/wp\/v2\/users\/1"}],"replies":[{"embeddable":true,"href":"https:\/\/www.lafermeducontrevent.fr\/index.php\/wp-json\/wp\/v2\/comments?post=524"}],"version-history":[{"count":1,"href":"https:\/\/www.lafermeducontrevent.fr\/index.php\/wp-json\/wp\/v2\/posts\/524\/revisions"}],"predecessor-version":[{"id":525,"href":"https:\/\/www.lafermeducontrevent.fr\/index.php\/wp-json\/wp\/v2\/posts\/524\/revisions\/525"}],"wp:attachment":[{"href":"https:\/\/www.lafermeducontrevent.fr\/index.php\/wp-json\/wp\/v2\/media?parent=524"}],"wp:term":[{"taxonomy":"category","embeddable":true,"href":"https:\/\/www.lafermeducontrevent.fr\/index.php\/wp-json\/wp\/v2\/categories?post=524"},{"taxonomy":"post_tag","embeddable":true,"href":"https:\/\/www.lafermeducontrevent.fr\/index.php\/wp-json\/wp\/v2\/tags?post=524"}],"curies":[{"name":"wp","href":"https:\/\/api.w.org\/{rel}","templated":true}]}}